{"id":478,"date":"2026-04-04T12:50:29","date_gmt":"2026-04-04T10:50:29","guid":{"rendered":"https:\/\/dupuis-expertise.com\/?p=478"},"modified":"2026-04-04T12:54:45","modified_gmt":"2026-04-04T10:54:45","slug":"changements-tva-2027","status":"publish","type":"post","link":"https:\/\/dupuis-expertise.com\/index.php\/2026\/04\/04\/changements-tva-2027\/","title":{"rendered":"Fin du r\u00e9gime simplifi\u00e9 de TVA en 2027 : ce qui change pour votre entreprise"},"content":{"rendered":"<p>[et_pb_section fb_built=\u00a0\u00bb1&Prime; _builder_version=\u00a0\u00bb4.27.4&Prime; _module_preset=\u00a0\u00bbdefault\u00a0\u00bb global_colors_info=\u00a0\u00bb{}\u00a0\u00bb][et_pb_row _builder_version=\u00a0\u00bb4.27.4&Prime; _module_preset=\u00a0\u00bbdefault\u00a0\u00bb global_colors_info=\u00a0\u00bb{}\u00a0\u00bb][et_pb_column type=\u00a0\u00bb4_4&Prime; _builder_version=\u00a0\u00bb4.27.4&Prime; _module_preset=\u00a0\u00bbdefault\u00a0\u00bb global_colors_info=\u00a0\u00bb{}\u00a0\u00bb][et_pb_text content_last_edited=\u00a0\u00bboff|desktop\u00a0\u00bb _builder_version=\u00a0\u00bb4.27.4&Prime; _module_preset=\u00a0\u00bbdefault\u00a0\u00bb text_font=\u00a0\u00bbMontserrat||||||||\u00a0\u00bb text_text_color=\u00a0\u00bb#336A75&Prime; text_font_size=\u00a0\u00bb16px\u00a0\u00bb hover_enabled=\u00a0\u00bb0&Prime; global_colors_info=\u00a0\u00bb{}\u00a0\u00bb sticky_enabled=\u00a0\u00bb0&Prime;]<\/p>\n<p style=\"font-weight: 400; text-align: justify;\">La <strong>suppression du r\u00e9gime simplifi\u00e9 de TVA<\/strong> est d\u00e9sormais act\u00e9e : \u00e0 compter du <strong>1er janvier 2027<\/strong>, de nombreuses entreprises devront changer leur mode de d\u00e9claration.<\/p>\n<p style=\"font-weight: 400; text-align: justify;\">\ud83d\udc49 Cette <strong>r\u00e9forme de la TVA 2027<\/strong> concerne principalement les TPE et PME aujourd\u2019hui au <strong>r\u00e9gime simplifi\u00e9 de TVA<\/strong>.<\/p>\n<p>[\/et_pb_text][et_pb_text _builder_version=\u00a0\u00bb4.27.4&Prime; _module_preset=\u00a0\u00bbdefault\u00a0\u00bb header_2_font=\u00a0\u00bbMontserrat||||||||\u00a0\u00bb header_2_text_color=\u00a0\u00bb#B17714&Prime; header_2_font_size=\u00a0\u00bb20px\u00a0\u00bb global_colors_info=\u00a0\u00bb{}\u00a0\u00bb]<\/p>\n<h2 style=\"font-weight: 400;\"><strong>R\u00e9gime simplifi\u00e9 de TVA : ce qui va dispara\u00eetre<\/strong><\/h2>\n<p>[\/et_pb_text][et_pb_text content_last_edited=\u00a0\u00bboff|desktop\u00a0\u00bb _builder_version=\u00a0\u00bb4.27.4&Prime; _module_preset=\u00a0\u00bbdefault\u00a0\u00bb text_font=\u00a0\u00bbMontserrat||||||||\u00a0\u00bb text_text_color=\u00a0\u00bb#336A75&Prime; text_font_size=\u00a0\u00bb16px\u00a0\u00bb hover_enabled=\u00a0\u00bb0&Prime; global_colors_info=\u00a0\u00bb{}\u00a0\u00bb sticky_enabled=\u00a0\u00bb0&Prime;]<\/p>\n<p style=\"font-weight: 400; text-align: justify;\">Aujourd\u2019hui, le r\u00e9gime simplifi\u00e9 permet :<\/p>\n<ul style=\"font-weight: 400; text-align: justify;\">\n<li>Une <strong>d\u00e9claration annuelle de TVA<\/strong><\/li>\n<li>Le paiement de <strong>deux acomptes semestriels<\/strong>.<\/li>\n<\/ul>\n<p style=\"font-weight: 400; text-align: justify;\">Ce fonctionnement va progressivement dispara\u00eetre au profit d\u2019un syst\u00e8me plus r\u00e9actif.<\/p>\n<p style=\"font-weight: 400; text-align: justify;\">\ud83d\udc49 \u00c0 partir du <strong>1er janvier 2027<\/strong>, les entreprises devront basculer vers un r\u00e9gime avec <strong>d\u00e9claration de TVA mensuelle ou trimestrielle<\/strong>.<\/p>\n<p>[\/et_pb_text][et_pb_text _builder_version=\u00a0\u00bb4.27.4&Prime; _module_preset=\u00a0\u00bbdefault\u00a0\u00bb header_2_font=\u00a0\u00bbMontserrat||||||||\u00a0\u00bb header_2_text_color=\u00a0\u00bb#B17714&Prime; header_2_font_size=\u00a0\u00bb20px\u00a0\u00bb global_colors_info=\u00a0\u00bb{}\u00a0\u00bb]<\/p>\n<h2 style=\"font-weight: 400;\"><strong>Concr\u00e8tement ce qui va changer en 2027 ?<\/strong><\/h2>\n<p>[\/et_pb_text][et_pb_text content_last_edited=\u00a0\u00bboff|desktop\u00a0\u00bb _builder_version=\u00a0\u00bb4.27.4&Prime; _module_preset=\u00a0\u00bbdefault\u00a0\u00bb text_font=\u00a0\u00bbMontserrat||||||||\u00a0\u00bb text_text_color=\u00a0\u00bb#336A75&Prime; text_font_size=\u00a0\u00bb16px\u00a0\u00bb hover_enabled=\u00a0\u00bb0&Prime; global_colors_info=\u00a0\u00bb{}\u00a0\u00bb sticky_enabled=\u00a0\u00bb0&Prime;]<\/p>\n<p style=\"font-weight: 400; text-align: justify;\">La fin du r\u00e9gime simplifi\u00e9 de TVA entra\u00eene :<\/p>\n<ul style=\"font-weight: 400; text-align: justify;\">\n<li>Une <strong>d\u00e9claration de TVA plus fr\u00e9quente<\/strong><\/li>\n<li>Des <strong>paiements plus rapproch\u00e9s<\/strong><\/li>\n<li>Un <strong>suivi de TVA en temps r\u00e9el<\/strong><\/li>\n<\/ul>\n<p style=\"font-weight: 400; text-align: justify;\">\ud83d\udc49 En pratique, cela signifie moins de d\u00e9calage de tr\u00e9sorerie et une gestion plus rigoureuse.<\/p>\n<p>[\/et_pb_text][et_pb_text _builder_version=\u00a0\u00bb4.27.4&Prime; _module_preset=\u00a0\u00bbdefault\u00a0\u00bb header_2_font=\u00a0\u00bbMontserrat||||||||\u00a0\u00bb header_2_text_color=\u00a0\u00bb#B17714&Prime; header_2_font_size=\u00a0\u00bb20px\u00a0\u00bb global_colors_info=\u00a0\u00bb{}\u00a0\u00bb]<\/p>\n<h2 style=\"font-weight: 400;\"><strong>Quelles entreprises concern\u00e9es ?<\/strong><\/h2>\n<p>[\/et_pb_text][et_pb_text content_last_edited=\u00a0\u00bboff|desktop\u00a0\u00bb _builder_version=\u00a0\u00bb4.27.4&Prime; _module_preset=\u00a0\u00bbdefault\u00a0\u00bb text_font=\u00a0\u00bbMontserrat||||||||\u00a0\u00bb text_text_color=\u00a0\u00bb#336A75&Prime; text_font_size=\u00a0\u00bb16px\u00a0\u00bb hover_enabled=\u00a0\u00bb0&Prime; global_colors_info=\u00a0\u00bb{}\u00a0\u00bb sticky_enabled=\u00a0\u00bb0&Prime;]<\/p>\n<p style=\"font-weight: 400; text-align: justify;\">La r\u00e9forme concerne toutes les entreprises actuellement au <strong>r\u00e9gime simplifi\u00e9 de TVA<\/strong>, notamment :<\/p>\n<ul style=\"font-weight: 400; text-align: justify;\">\n<li>Les TPE<\/li>\n<li>Les PME<\/li>\n<li>Certaines professions lib\u00e9rales.<\/li>\n<\/ul>\n<p style=\"font-weight: 400; text-align: justify;\">\ud83d\udc49 Si vous \u00eates concern\u00e9, vous devrez anticiper votre passage vers un <strong>r\u00e9gime r\u00e9el de TVA<\/strong>.<\/p>\n<p>[\/et_pb_text][et_pb_text _builder_version=\u00a0\u00bb4.27.4&Prime; _module_preset=\u00a0\u00bbdefault\u00a0\u00bb header_2_font=\u00a0\u00bbMontserrat||||||||\u00a0\u00bb header_2_text_color=\u00a0\u00bb#B17714&Prime; header_2_font_size=\u00a0\u00bb20px\u00a0\u00bb global_colors_info=\u00a0\u00bb{}\u00a0\u00bb]<\/p>\n<h2 style=\"font-weight: 400;\"><strong>Pourquoi anticiper d\u00e8s maintenant ?<\/strong><\/h2>\n<p>[\/et_pb_text][et_pb_text content_last_edited=\u00a0\u00bboff|desktop\u00a0\u00bb _builder_version=\u00a0\u00bb4.27.4&Prime; _module_preset=\u00a0\u00bbdefault\u00a0\u00bb text_font=\u00a0\u00bbMontserrat||||||||\u00a0\u00bb text_text_color=\u00a0\u00bb#336A75&Prime; text_font_size=\u00a0\u00bb16px\u00a0\u00bb hover_enabled=\u00a0\u00bb0&Prime; global_colors_info=\u00a0\u00bb{}\u00a0\u00bb sticky_enabled=\u00a0\u00bb0&Prime;]<\/p>\n<p style=\"font-weight: 400; text-align: justify;\">M\u00eame si la r\u00e9forme TVA entre en vigueur en 2027, il est essentiel d\u2019anticiper :<\/p>\n<ul style=\"font-weight: 400; text-align: justify;\">\n<li>Adapter votre organisation comptable,<\/li>\n<li>Mettre en place un <strong>suivi mensuel de TVA<\/strong>,<\/li>\n<li>\u00c9viter les erreurs d\u00e9claratives et p\u00e9nalit\u00e9s.<\/li>\n<\/ul>\n<p style=\"font-weight: 400; text-align: justify;\">\ud83d\udc49 Une mauvaise anticipation peut entra\u00eener des <strong>tensions de tr\u00e9sorerie<\/strong> et des risques fiscaux.<\/p>\n<p>[\/et_pb_text][\/et_pb_column][\/et_pb_row][et_pb_row _builder_version=\u00a0\u00bb4.27.4&Prime; _module_preset=\u00a0\u00bbdefault\u00a0\u00bb global_colors_info=\u00a0\u00bb{}\u00a0\u00bb][et_pb_column type=\u00a0\u00bb4_4&Prime; _builder_version=\u00a0\u00bb4.27.4&Prime; _module_preset=\u00a0\u00bbdefault\u00a0\u00bb global_colors_info=\u00a0\u00bb{}\u00a0\u00bb][et_pb_button button_url=\u00a0\u00bbhttps:\/\/dupuis-expertise.com\/index.php\/nous-contacter\/\u00a0\u00bb button_text=\u00a0\u00bbNous contacter\u00a0\u00bb _builder_version=\u00a0\u00bb4.27.4&Prime; _module_preset=\u00a0\u00bbdefault\u00a0\u00bb custom_button=\u00a0\u00bbon\u00a0\u00bb button_text_color=\u00a0\u00bb#FFFFFF\u00a0\u00bb button_bg_color=\u00a0\u00bb#336A75&Prime; button_font=\u00a0\u00bbMontserrat||||||||\u00a0\u00bb global_colors_info=\u00a0\u00bb{}\u00a0\u00bb][\/et_pb_button][\/et_pb_column][\/et_pb_row][\/et_pb_section][et_pb_section fb_built=\u00a0\u00bb1&Prime; _builder_version=\u00a0\u00bb4.27.4&Prime; _module_preset=\u00a0\u00bbdefault\u00a0\u00bb custom_margin=\u00a0\u00bb-74px||||false|false\u00a0\u00bb custom_margin_tablet=\u00a0\u00bb-74px||||false|false\u00a0\u00bb custom_margin_phone=\u00a0\u00bb-74px||||false|false\u00a0\u00bb custom_margin_last_edited=\u00a0\u00bbon|desktop\u00a0\u00bb global_colors_info=\u00a0\u00bb{}\u00a0\u00bb][et_pb_row _builder_version=\u00a0\u00bb4.27.4&Prime; _module_preset=\u00a0\u00bbdefault\u00a0\u00bb global_colors_info=\u00a0\u00bb{}\u00a0\u00bb][et_pb_column type=\u00a0\u00bb4_4&Prime; _builder_version=\u00a0\u00bb4.27.4&Prime; _module_preset=\u00a0\u00bbdefault\u00a0\u00bb global_colors_info=\u00a0\u00bb{}\u00a0\u00bb][et_pb_text _builder_version=\u00a0\u00bb4.27.4&Prime; _module_preset=\u00a0\u00bbdefault\u00a0\u00bb global_colors_info=\u00a0\u00bb{}\u00a0\u00bb]<\/p>\n<h2 style=\"font-weight: 400;\"><strong>FAQ \u2013 R\u00e9forme TVA 2027<\/strong><\/h2>\n<p>[\/et_pb_text][et_pb_accordion _builder_version=\u00a0\u00bb4.27.4&Prime; _module_preset=\u00a0\u00bbdefault\u00a0\u00bb toggle_text_color=\u00a0\u00bb#B17714&Prime; toggle_font=\u00a0\u00bbMontserrat|600|||||||\u00a0\u00bb body_font=\u00a0\u00bbMontserrat||||||||\u00a0\u00bb body_text_color=\u00a0\u00bb#336A75&Prime; body_font_size=\u00a0\u00bb15px\u00a0\u00bb animation_style=\u00a0\u00bbflip\u00a0\u00bb global_colors_info=\u00a0\u00bb{}\u00a0\u00bb][et_pb_accordion_item title=\u00a0\u00bbQuand entre en vigueur la fin du r\u00e9gime simplifi\u00e9 de TVA ?\u00a0\u00bb open=\u00a0\u00bbon\u00a0\u00bb toggle_icon=\u00a0\u00bb&#xe064;||divi||400&Prime; _builder_version=\u00a0\u00bb4.27.4&Prime; _module_preset=\u00a0\u00bbdefault\u00a0\u00bb global_colors_info=\u00a0\u00bb{}\u00a0\u00bb]<\/p>\n<div><span>La suppression est pr\u00e9vue au <b>1er janvier 2027<\/b>.<\/span><\/div>\n<div><\/div>\n<p>[\/et_pb_accordion_item][et_pb_accordion_item title=\u00a0\u00bbQue remplace le r\u00e9gime simplifi\u00e9 de TVA ?\u00a0\u00bb open=\u00a0\u00bboff\u00a0\u00bb toggle_icon=\u00a0\u00bb&#xe064;||divi||400&Prime; _builder_version=\u00a0\u00bb4.27.4&Prime; _module_preset=\u00a0\u00bbdefault\u00a0\u00bb global_colors_info=\u00a0\u00bb{}\u00a0\u00bb]<\/p>\n<div>\n<div><span>Un syst\u00e8me de <b>d\u00e9claration mensuelle ou trimestrielle<\/b>, proche du r\u00e9gime r\u00e9el.<\/span><\/div>\n<\/div>\n<div><\/div>\n<p>[\/et_pb_accordion_item][et_pb_accordion_item title=\u00a0\u00bbQui est concern\u00e9 par la r\u00e9forme TVA 2027 ?\u00a0\u00bb open=\u00a0\u00bboff\u00a0\u00bb toggle_icon=\u00a0\u00bb&#xe064;||divi||400&Prime; _builder_version=\u00a0\u00bb4.27.4&Prime; _module_preset=\u00a0\u00bbdefault\u00a0\u00bb global_colors_info=\u00a0\u00bb{}\u00a0\u00bb]<\/p>\n<div>\n<div><span>Les entreprises actuellement au <b>r\u00e9gime simplifi\u00e9 de TVA<\/b>.<\/span><\/div>\n<\/div>\n<div><\/div>\n<p>[\/et_pb_accordion_item][\/et_pb_accordion][\/et_pb_column][\/et_pb_row][\/et_pb_section]<\/p>\n","protected":false},"excerpt":{"rendered":"<p>La suppression du r\u00e9gime simplifi\u00e9 de TVA est d\u00e9sormais act\u00e9e : \u00e0 compter du 1er janvier 2027, de nombreuses entreprises devront changer leur mode de d\u00e9claration. \ud83d\udc49 Cette r\u00e9forme de la TVA 2027 concerne principalement les TPE et PME aujourd\u2019hui au r\u00e9gime simplifi\u00e9 de TVA.R\u00e9gime simplifi\u00e9 de TVA : ce qui va dispara\u00eetreAujourd\u2019hui, le r\u00e9gime [&hellip;]<\/p>\n","protected":false},"author":1,"featured_media":27584775,"comment_status":"closed","ping_status":"open","sticky":false,"template":"","format":"standard","meta":{"_et_pb_use_builder":"on","_et_pb_old_content":"","_et_gb_content_width":"","footnotes":""},"categories":[9],"tags":[],"dipi_cpt_category":[],"class_list":["post-478","post","type-post","status-publish","format-standard","has-post-thumbnail","hentry","category-nos-actualites"],"yoast_head":"<!-- This site is optimized with the Yoast SEO plugin v27.4 - https:\/\/yoast.com\/product\/yoast-seo-wordpress\/ -->\n<title>Fin du r\u00e9gime simplifi\u00e9e de TVA en 2027 : ce qui va changer pour vous ?<\/title>\n<meta name=\"description\" content=\"Faisant partie de la vie d&#039;une entreprise, d\u00e9couvrez les changements concernant la TVA pour l&#039;ann\u00e9e 2027. Expert-comptable \u00e0 Nice\" \/>\n<meta name=\"robots\" content=\"index, follow, max-snippet:-1, max-image-preview:large, max-video-preview:-1\" \/>\n<link rel=\"canonical\" href=\"https:\/\/dupuis-expertise.com\/index.php\/2026\/04\/04\/changements-tva-2027\/\" \/>\n<meta property=\"og:locale\" content=\"fr_FR\" \/>\n<meta property=\"og:type\" content=\"article\" \/>\n<meta property=\"og:title\" content=\"Fin du r\u00e9gime simplifi\u00e9e de TVA en 2027 : ce qui va changer pour vous ?\" \/>\n<meta property=\"og:description\" content=\"Faisant partie de la vie d&#039;une entreprise, d\u00e9couvrez les changements concernant la TVA pour l&#039;ann\u00e9e 2027. Expert-comptable \u00e0 Nice\" \/>\n<meta property=\"og:url\" content=\"https:\/\/dupuis-expertise.com\/index.php\/2026\/04\/04\/changements-tva-2027\/\" \/>\n<meta property=\"og:site_name\" content=\"DUPUIS AUDIT &amp; EXPERTISE\" \/>\n<meta property=\"article:published_time\" content=\"2026-04-04T10:50:29+00:00\" \/>\n<meta property=\"article:modified_time\" content=\"2026-04-04T10:54:45+00:00\" \/>\n<meta property=\"og:image\" content=\"http:\/\/dupuis-expertise.com\/wp-content\/uploads\/2026\/04\/LA-TVA-EN-2027-ce-qui-change-1-1.png\" \/>\n\t<meta property=\"og:image:width\" content=\"1280\" \/>\n\t<meta property=\"og:image:height\" content=\"720\" \/>\n\t<meta property=\"og:image:type\" content=\"image\/png\" \/>\n<meta name=\"author\" content=\"Dupuis Audit Expertise\" \/>\n<meta name=\"twitter:card\" content=\"summary_large_image\" \/>\n<meta name=\"twitter:label1\" content=\"\u00c9crit par\" \/>\n\t<meta name=\"twitter:data1\" content=\"Dupuis Audit Expertise\" \/>\n\t<meta name=\"twitter:label2\" content=\"Dur\u00e9e de lecture estim\u00e9e\" \/>\n\t<meta name=\"twitter:data2\" content=\"2 minutes\" \/>\n<script type=\"application\/ld+json\" class=\"yoast-schema-graph\">{\"@context\":\"https:\\\/\\\/schema.org\",\"@graph\":[{\"@type\":\"Article\",\"@id\":\"https:\\\/\\\/dupuis-expertise.com\\\/index.php\\\/2026\\\/04\\\/04\\\/changements-tva-2027\\\/#article\",\"isPartOf\":{\"@id\":\"https:\\\/\\\/dupuis-expertise.com\\\/index.php\\\/2026\\\/04\\\/04\\\/changements-tva-2027\\\/\"},\"author\":{\"name\":\"Dupuis Audit Expertise\",\"@id\":\"https:\\\/\\\/dupuis-expertise.com\\\/#\\\/schema\\\/person\\\/79350ed5baeec704c3561943e26ccef5\"},\"headline\":\"Fin du r\u00e9gime simplifi\u00e9 de TVA en 2027 : ce qui change pour votre entreprise\",\"datePublished\":\"2026-04-04T10:50:29+00:00\",\"dateModified\":\"2026-04-04T10:54:45+00:00\",\"mainEntityOfPage\":{\"@id\":\"https:\\\/\\\/dupuis-expertise.com\\\/index.php\\\/2026\\\/04\\\/04\\\/changements-tva-2027\\\/\"},\"wordCount\":917,\"image\":{\"@id\":\"https:\\\/\\\/dupuis-expertise.com\\\/index.php\\\/2026\\\/04\\\/04\\\/changements-tva-2027\\\/#primaryimage\"},\"thumbnailUrl\":\"https:\\\/\\\/dupuis-expertise.com\\\/wp-content\\\/uploads\\\/2026\\\/04\\\/LA-TVA-EN-2027-ce-qui-change-1-1.png\",\"articleSection\":[\"Nos actualit\u00e9s\"],\"inLanguage\":\"fr-FR\"},{\"@type\":\"WebPage\",\"@id\":\"https:\\\/\\\/dupuis-expertise.com\\\/index.php\\\/2026\\\/04\\\/04\\\/changements-tva-2027\\\/\",\"url\":\"https:\\\/\\\/dupuis-expertise.com\\\/index.php\\\/2026\\\/04\\\/04\\\/changements-tva-2027\\\/\",\"name\":\"Fin du r\u00e9gime simplifi\u00e9e de TVA en 2027 : ce qui va changer pour vous ?\",\"isPartOf\":{\"@id\":\"https:\\\/\\\/dupuis-expertise.com\\\/#website\"},\"primaryImageOfPage\":{\"@id\":\"https:\\\/\\\/dupuis-expertise.com\\\/index.php\\\/2026\\\/04\\\/04\\\/changements-tva-2027\\\/#primaryimage\"},\"image\":{\"@id\":\"https:\\\/\\\/dupuis-expertise.com\\\/index.php\\\/2026\\\/04\\\/04\\\/changements-tva-2027\\\/#primaryimage\"},\"thumbnailUrl\":\"https:\\\/\\\/dupuis-expertise.com\\\/wp-content\\\/uploads\\\/2026\\\/04\\\/LA-TVA-EN-2027-ce-qui-change-1-1.png\",\"datePublished\":\"2026-04-04T10:50:29+00:00\",\"dateModified\":\"2026-04-04T10:54:45+00:00\",\"author\":{\"@id\":\"https:\\\/\\\/dupuis-expertise.com\\\/#\\\/schema\\\/person\\\/79350ed5baeec704c3561943e26ccef5\"},\"description\":\"Faisant partie de la vie d'une entreprise, d\u00e9couvrez les changements concernant la TVA pour l'ann\u00e9e 2027. Expert-comptable \u00e0 Nice\",\"breadcrumb\":{\"@id\":\"https:\\\/\\\/dupuis-expertise.com\\\/index.php\\\/2026\\\/04\\\/04\\\/changements-tva-2027\\\/#breadcrumb\"},\"inLanguage\":\"fr-FR\",\"potentialAction\":[{\"@type\":\"ReadAction\",\"target\":[\"https:\\\/\\\/dupuis-expertise.com\\\/index.php\\\/2026\\\/04\\\/04\\\/changements-tva-2027\\\/\"]}]},{\"@type\":\"ImageObject\",\"inLanguage\":\"fr-FR\",\"@id\":\"https:\\\/\\\/dupuis-expertise.com\\\/index.php\\\/2026\\\/04\\\/04\\\/changements-tva-2027\\\/#primaryimage\",\"url\":\"https:\\\/\\\/dupuis-expertise.com\\\/wp-content\\\/uploads\\\/2026\\\/04\\\/LA-TVA-EN-2027-ce-qui-change-1-1.png\",\"contentUrl\":\"https:\\\/\\\/dupuis-expertise.com\\\/wp-content\\\/uploads\\\/2026\\\/04\\\/LA-TVA-EN-2027-ce-qui-change-1-1.png\",\"width\":1280,\"height\":720,\"caption\":\"Article sur les changements de TVA en 2027\"},{\"@type\":\"BreadcrumbList\",\"@id\":\"https:\\\/\\\/dupuis-expertise.com\\\/index.php\\\/2026\\\/04\\\/04\\\/changements-tva-2027\\\/#breadcrumb\",\"itemListElement\":[{\"@type\":\"ListItem\",\"position\":1,\"name\":\"Accueil\",\"item\":\"https:\\\/\\\/dupuis-expertise.com\\\/\"},{\"@type\":\"ListItem\",\"position\":2,\"name\":\"Fin du r\u00e9gime simplifi\u00e9 de TVA en 2027 : ce qui change pour votre entreprise\"}]},{\"@type\":\"WebSite\",\"@id\":\"https:\\\/\\\/dupuis-expertise.com\\\/#website\",\"url\":\"https:\\\/\\\/dupuis-expertise.com\\\/\",\"name\":\"DUPUIS AUDIT &amp; EXPERTISE\",\"description\":\"Expert-comptable \u00e0 Nice\",\"potentialAction\":[{\"@type\":\"SearchAction\",\"target\":{\"@type\":\"EntryPoint\",\"urlTemplate\":\"https:\\\/\\\/dupuis-expertise.com\\\/?s={search_term_string}\"},\"query-input\":{\"@type\":\"PropertyValueSpecification\",\"valueRequired\":true,\"valueName\":\"search_term_string\"}}],\"inLanguage\":\"fr-FR\"},{\"@type\":\"Person\",\"@id\":\"https:\\\/\\\/dupuis-expertise.com\\\/#\\\/schema\\\/person\\\/79350ed5baeec704c3561943e26ccef5\",\"name\":\"Dupuis Audit Expertise\",\"image\":{\"@type\":\"ImageObject\",\"inLanguage\":\"fr-FR\",\"@id\":\"https:\\\/\\\/secure.gravatar.com\\\/avatar\\\/d539d59f7fe37d9902e976d0f19e6a4aa4d71c59ce04b10bb56a7fc0ae9209ad?s=96&d=mm&r=g\",\"url\":\"https:\\\/\\\/secure.gravatar.com\\\/avatar\\\/d539d59f7fe37d9902e976d0f19e6a4aa4d71c59ce04b10bb56a7fc0ae9209ad?s=96&d=mm&r=g\",\"contentUrl\":\"https:\\\/\\\/secure.gravatar.com\\\/avatar\\\/d539d59f7fe37d9902e976d0f19e6a4aa4d71c59ce04b10bb56a7fc0ae9209ad?s=96&d=mm&r=g\",\"caption\":\"Dupuis Audit Expertise\"},\"sameAs\":[\"http:\\\/\\\/dupuis-expertise.com\"],\"url\":\"https:\\\/\\\/dupuis-expertise.com\\\/index.php\\\/author\\\/admin5747\\\/\"}]}<\/script>\n<!-- \/ Yoast SEO plugin. -->","yoast_head_json":{"title":"Fin du r\u00e9gime simplifi\u00e9e de TVA en 2027 : ce qui va changer pour vous ?","description":"Faisant partie de la vie d'une entreprise, d\u00e9couvrez les changements concernant la TVA pour l'ann\u00e9e 2027. Expert-comptable \u00e0 Nice","robots":{"index":"index","follow":"follow","max-snippet":"max-snippet:-1","max-image-preview":"max-image-preview:large","max-video-preview":"max-video-preview:-1"},"canonical":"https:\/\/dupuis-expertise.com\/index.php\/2026\/04\/04\/changements-tva-2027\/","og_locale":"fr_FR","og_type":"article","og_title":"Fin du r\u00e9gime simplifi\u00e9e de TVA en 2027 : ce qui va changer pour vous ?","og_description":"Faisant partie de la vie d'une entreprise, d\u00e9couvrez les changements concernant la TVA pour l'ann\u00e9e 2027. Expert-comptable \u00e0 Nice","og_url":"https:\/\/dupuis-expertise.com\/index.php\/2026\/04\/04\/changements-tva-2027\/","og_site_name":"DUPUIS AUDIT &amp; EXPERTISE","article_published_time":"2026-04-04T10:50:29+00:00","article_modified_time":"2026-04-04T10:54:45+00:00","og_image":[{"width":1280,"height":720,"url":"http:\/\/dupuis-expertise.com\/wp-content\/uploads\/2026\/04\/LA-TVA-EN-2027-ce-qui-change-1-1.png","type":"image\/png"}],"author":"Dupuis Audit Expertise","twitter_card":"summary_large_image","twitter_misc":{"\u00c9crit par":"Dupuis Audit Expertise","Dur\u00e9e de lecture estim\u00e9e":"2 minutes"},"schema":{"@context":"https:\/\/schema.org","@graph":[{"@type":"Article","@id":"https:\/\/dupuis-expertise.com\/index.php\/2026\/04\/04\/changements-tva-2027\/#article","isPartOf":{"@id":"https:\/\/dupuis-expertise.com\/index.php\/2026\/04\/04\/changements-tva-2027\/"},"author":{"name":"Dupuis Audit Expertise","@id":"https:\/\/dupuis-expertise.com\/#\/schema\/person\/79350ed5baeec704c3561943e26ccef5"},"headline":"Fin du r\u00e9gime simplifi\u00e9 de TVA en 2027 : ce qui change pour votre entreprise","datePublished":"2026-04-04T10:50:29+00:00","dateModified":"2026-04-04T10:54:45+00:00","mainEntityOfPage":{"@id":"https:\/\/dupuis-expertise.com\/index.php\/2026\/04\/04\/changements-tva-2027\/"},"wordCount":917,"image":{"@id":"https:\/\/dupuis-expertise.com\/index.php\/2026\/04\/04\/changements-tva-2027\/#primaryimage"},"thumbnailUrl":"https:\/\/dupuis-expertise.com\/wp-content\/uploads\/2026\/04\/LA-TVA-EN-2027-ce-qui-change-1-1.png","articleSection":["Nos actualit\u00e9s"],"inLanguage":"fr-FR"},{"@type":"WebPage","@id":"https:\/\/dupuis-expertise.com\/index.php\/2026\/04\/04\/changements-tva-2027\/","url":"https:\/\/dupuis-expertise.com\/index.php\/2026\/04\/04\/changements-tva-2027\/","name":"Fin du r\u00e9gime simplifi\u00e9e de TVA en 2027 : ce qui va changer pour vous ?","isPartOf":{"@id":"https:\/\/dupuis-expertise.com\/#website"},"primaryImageOfPage":{"@id":"https:\/\/dupuis-expertise.com\/index.php\/2026\/04\/04\/changements-tva-2027\/#primaryimage"},"image":{"@id":"https:\/\/dupuis-expertise.com\/index.php\/2026\/04\/04\/changements-tva-2027\/#primaryimage"},"thumbnailUrl":"https:\/\/dupuis-expertise.com\/wp-content\/uploads\/2026\/04\/LA-TVA-EN-2027-ce-qui-change-1-1.png","datePublished":"2026-04-04T10:50:29+00:00","dateModified":"2026-04-04T10:54:45+00:00","author":{"@id":"https:\/\/dupuis-expertise.com\/#\/schema\/person\/79350ed5baeec704c3561943e26ccef5"},"description":"Faisant partie de la vie d'une entreprise, d\u00e9couvrez les changements concernant la TVA pour l'ann\u00e9e 2027. Expert-comptable \u00e0 Nice","breadcrumb":{"@id":"https:\/\/dupuis-expertise.com\/index.php\/2026\/04\/04\/changements-tva-2027\/#breadcrumb"},"inLanguage":"fr-FR","potentialAction":[{"@type":"ReadAction","target":["https:\/\/dupuis-expertise.com\/index.php\/2026\/04\/04\/changements-tva-2027\/"]}]},{"@type":"ImageObject","inLanguage":"fr-FR","@id":"https:\/\/dupuis-expertise.com\/index.php\/2026\/04\/04\/changements-tva-2027\/#primaryimage","url":"https:\/\/dupuis-expertise.com\/wp-content\/uploads\/2026\/04\/LA-TVA-EN-2027-ce-qui-change-1-1.png","contentUrl":"https:\/\/dupuis-expertise.com\/wp-content\/uploads\/2026\/04\/LA-TVA-EN-2027-ce-qui-change-1-1.png","width":1280,"height":720,"caption":"Article sur les changements de TVA en 2027"},{"@type":"BreadcrumbList","@id":"https:\/\/dupuis-expertise.com\/index.php\/2026\/04\/04\/changements-tva-2027\/#breadcrumb","itemListElement":[{"@type":"ListItem","position":1,"name":"Accueil","item":"https:\/\/dupuis-expertise.com\/"},{"@type":"ListItem","position":2,"name":"Fin du r\u00e9gime simplifi\u00e9 de TVA en 2027 : ce qui change pour votre entreprise"}]},{"@type":"WebSite","@id":"https:\/\/dupuis-expertise.com\/#website","url":"https:\/\/dupuis-expertise.com\/","name":"DUPUIS AUDIT &amp; EXPERTISE","description":"Expert-comptable \u00e0 Nice","potentialAction":[{"@type":"SearchAction","target":{"@type":"EntryPoint","urlTemplate":"https:\/\/dupuis-expertise.com\/?s={search_term_string}"},"query-input":{"@type":"PropertyValueSpecification","valueRequired":true,"valueName":"search_term_string"}}],"inLanguage":"fr-FR"},{"@type":"Person","@id":"https:\/\/dupuis-expertise.com\/#\/schema\/person\/79350ed5baeec704c3561943e26ccef5","name":"Dupuis Audit Expertise","image":{"@type":"ImageObject","inLanguage":"fr-FR","@id":"https:\/\/secure.gravatar.com\/avatar\/d539d59f7fe37d9902e976d0f19e6a4aa4d71c59ce04b10bb56a7fc0ae9209ad?s=96&d=mm&r=g","url":"https:\/\/secure.gravatar.com\/avatar\/d539d59f7fe37d9902e976d0f19e6a4aa4d71c59ce04b10bb56a7fc0ae9209ad?s=96&d=mm&r=g","contentUrl":"https:\/\/secure.gravatar.com\/avatar\/d539d59f7fe37d9902e976d0f19e6a4aa4d71c59ce04b10bb56a7fc0ae9209ad?s=96&d=mm&r=g","caption":"Dupuis Audit Expertise"},"sameAs":["http:\/\/dupuis-expertise.com"],"url":"https:\/\/dupuis-expertise.com\/index.php\/author\/admin5747\/"}]}},"_links":{"self":[{"href":"https:\/\/dupuis-expertise.com\/index.php\/wp-json\/wp\/v2\/posts\/478","targetHints":{"allow":["GET"]}}],"collection":[{"href":"https:\/\/dupuis-expertise.com\/index.php\/wp-json\/wp\/v2\/posts"}],"about":[{"href":"https:\/\/dupuis-expertise.com\/index.php\/wp-json\/wp\/v2\/types\/post"}],"author":[{"embeddable":true,"href":"https:\/\/dupuis-expertise.com\/index.php\/wp-json\/wp\/v2\/users\/1"}],"replies":[{"embeddable":true,"href":"https:\/\/dupuis-expertise.com\/index.php\/wp-json\/wp\/v2\/comments?post=478"}],"version-history":[{"count":9,"href":"https:\/\/dupuis-expertise.com\/index.php\/wp-json\/wp\/v2\/posts\/478\/revisions"}],"predecessor-version":[{"id":27584777,"href":"https:\/\/dupuis-expertise.com\/index.php\/wp-json\/wp\/v2\/posts\/478\/revisions\/27584777"}],"wp:featuredmedia":[{"embeddable":true,"href":"https:\/\/dupuis-expertise.com\/index.php\/wp-json\/wp\/v2\/media\/27584775"}],"wp:attachment":[{"href":"https:\/\/dupuis-expertise.com\/index.php\/wp-json\/wp\/v2\/media?parent=478"}],"wp:term":[{"taxonomy":"category","embeddable":true,"href":"https:\/\/dupuis-expertise.com\/index.php\/wp-json\/wp\/v2\/categories?post=478"},{"taxonomy":"post_tag","embeddable":true,"href":"https:\/\/dupuis-expertise.com\/index.php\/wp-json\/wp\/v2\/tags?post=478"},{"taxonomy":"dipi_cpt_category","embeddable":true,"href":"https:\/\/dupuis-expertise.com\/index.php\/wp-json\/wp\/v2\/dipi_cpt_category?post=478"}],"curies":[{"name":"wp","href":"https:\/\/api.w.org\/{rel}","templated":true}]}}